{"id":851,"date":"2018-01-31T11:09:01","date_gmt":"2018-01-31T10:09:01","guid":{"rendered":"https:\/\/www.bamyan.de\/en\/?p=851"},"modified":"2018-01-31T11:09:01","modified_gmt":"2018-01-31T10:09:01","slug":"sechs-jahre-bamyan-narges","status":"publish","type":"post","link":"https:\/\/www.bamyan.de\/en\/sechs-jahre-bamyan-narges\/","title":{"rendered":"Sechs Jahre BAMYAN NARGES !!!"},"content":{"rendered":"<p><strong>Let\u2019s Party !!! 6 Jahre BAMYAN NARGES !!!<\/strong><\/p>\n<p>Wir freuen uns, dass wir f\u00fcr Sie da sein durften und feiern am <strong>08. M\u00e4rz 2018<\/strong> einen ph\u00e4nomenalen Anla\u00df mit internationalen DJ und afghanischen K\u00f6stlichkeiten. Kommen Sie vorbei und genie\u00dfen Sie einen Abend mit uns\u2026<\/p>\n<p>Reservierungen nehmen wir gerne unter 089-23888878 entgegen !<\/p>\n<p>&nbsp;<\/p>\n","protected":false},"excerpt":{"rendered":"<p>Let\u2019s Party !!! 6 Jahre BAMYAN NARGES !!! Wir freuen uns, dass wir f\u00fcr Sie da sein durften und feiern am 08. M\u00e4rz 2018 einen ph\u00e4nomenalen Anla\u00df mit internationalen DJ und afghanischen K\u00f6stlichkeiten. Kommen Sie vorbei und genie\u00dfen Sie einen Abend mit uns\u2026 Reservierungen nehmen wir gerne unter 089-23888878 entgegen ! &nbsp;<\/p>\n","protected":false},"author":1,"featured_media":852,"comment_status":"closed","ping_status":"open","sticky":false,"template":"","format":"standard","meta":[],"categories":[1],"tags":[],"yoast_head":"<!-- This site is optimized with the Yoast SEO plugin v17.4 - https:\/\/yoast.com\/wordpress\/plugins\/seo\/ -->\n<title>Sechs Jahre BAMYAN NARGES !!! - Bamyan Narges | Afghanisches Restaurat M\u00fcnchen<\/title>\n<meta name=\"robots\" content=\"index, follow, max-snippet:-1, max-image-preview:large, max-video-preview:-1\" \/>\n<link rel=\"canonical\" href=\"https:\/\/www.bamyan.de\/en\/sechs-jahre-bamyan-narges\/\" \/>\n<meta property=\"og:locale\" content=\"de_DE\" \/>\n<meta property=\"og:type\" content=\"article\" \/>\n<meta property=\"og:title\" content=\"Sechs Jahre BAMYAN NARGES !!! - Bamyan Narges | Afghanisches Restaurat M\u00fcnchen\" \/>\n<meta property=\"og:description\" content=\"Let\u2019s Party !!! 6 Jahre BAMYAN NARGES !!! Wir freuen uns, dass wir f\u00fcr Sie da sein durften und feiern am 08. M\u00e4rz 2018 einen ph\u00e4nomenalen Anla\u00df mit internationalen DJ und afghanischen K\u00f6stlichkeiten. Kommen Sie vorbei und genie\u00dfen Sie einen Abend mit uns\u2026 Reservierungen nehmen wir gerne unter 089-23888878 entgegen ! &nbsp;\" \/>\n<meta property=\"og:url\" content=\"https:\/\/www.bamyan.de\/en\/sechs-jahre-bamyan-narges\/\" \/>\n<meta property=\"og:site_name\" content=\"Bamyan Narges | Afghanisches Restaurat M\u00fcnchen\" \/>\n<meta property=\"article:publisher\" content=\"https:\/\/www.facebook.com\/BamyanNarges\/\" \/>\n<meta property=\"article:published_time\" content=\"2018-01-31T10:09:01+00:00\" \/>\n<meta property=\"og:image\" content=\"https:\/\/www.bamyan.de\/en\/wp-content\/uploads\/2018\/01\/6-jahre-bamyan-narges-muenchen.jpg\" \/>\n\t<meta property=\"og:image:width\" content=\"840\" \/>\n\t<meta property=\"og:image:height\" content=\"430\" \/>\n<meta name=\"twitter:card\" content=\"summary\" \/>\n<meta name=\"twitter:creator\" content=\"@bamyannarges\" \/>\n<meta name=\"twitter:site\" content=\"@bamyannarges\" \/>\n<meta name=\"twitter:label1\" content=\"Verfasst von\" \/>\n\t<meta name=\"twitter:data1\" content=\"root\" \/>\n<script type=\"application\/ld+json\" class=\"yoast-schema-graph\">{\"@context\":\"https:\/\/schema.org\",\"@graph\":[{\"@type\":\"WebSite\",\"@id\":\"https:\/\/www.bamyan.de\/en\/#website\",\"url\":\"https:\/\/www.bamyan.de\/en\/\",\"name\":\"Bamyan Narges | Afghanisches Restaurat M\\u00fcnchen\",\"description\":\"AFGHAN RESTAURANT MUNICH\",\"potentialAction\":[{\"@type\":\"SearchAction\",\"target\":{\"@type\":\"EntryPoint\",\"urlTemplate\":\"https:\/\/www.bamyan.de\/en\/?s={search_term_string}\"},\"query-input\":\"required name=search_term_string\"}],\"inLanguage\":\"de\"},{\"@type\":\"ImageObject\",\"@id\":\"https:\/\/www.bamyan.de\/en\/sechs-jahre-bamyan-narges\/#primaryimage\",\"inLanguage\":\"de\",\"url\":\"https:\/\/www.bamyan.de\/en\/wp-content\/uploads\/2018\/01\/6-jahre-bamyan-narges-muenchen.jpg\",\"contentUrl\":\"https:\/\/www.bamyan.de\/en\/wp-content\/uploads\/2018\/01\/6-jahre-bamyan-narges-muenchen.jpg\",\"width\":840,\"height\":430,\"caption\":\"Sechs Jahre Bamyan Narges M\\u00fcnchen\"},{\"@type\":\"WebPage\",\"@id\":\"https:\/\/www.bamyan.de\/en\/sechs-jahre-bamyan-narges\/#webpage\",\"url\":\"https:\/\/www.bamyan.de\/en\/sechs-jahre-bamyan-narges\/\",\"name\":\"Sechs Jahre BAMYAN NARGES !!! - Bamyan Narges | Afghanisches Restaurat M\\u00fcnchen\",\"isPartOf\":{\"@id\":\"https:\/\/www.bamyan.de\/en\/#website\"},\"primaryImageOfPage\":{\"@id\":\"https:\/\/www.bamyan.de\/en\/sechs-jahre-bamyan-narges\/#primaryimage\"},\"datePublished\":\"2018-01-31T10:09:01+00:00\",\"dateModified\":\"2018-01-31T10:09:01+00:00\",\"author\":{\"@id\":\"https:\/\/www.bamyan.de\/en\/#\/schema\/person\/03af5a509cb143aac120bd2043e44753\"},\"breadcrumb\":{\"@id\":\"https:\/\/www.bamyan.de\/en\/sechs-jahre-bamyan-narges\/#breadcrumb\"},\"inLanguage\":\"de\",\"potentialAction\":[{\"@type\":\"ReadAction\",\"target\":[\"https:\/\/www.bamyan.de\/en\/sechs-jahre-bamyan-narges\/\"]}]},{\"@type\":\"BreadcrumbList\",\"@id\":\"https:\/\/www.bamyan.de\/en\/sechs-jahre-bamyan-narges\/#breadcrumb\",\"itemListElement\":[{\"@type\":\"ListItem\",\"position\":1,\"name\":\"Startseite\",\"item\":\"https:\/\/www.bamyan.de\/en\/\"},{\"@type\":\"ListItem\",\"position\":2,\"name\":\"Sechs Jahre BAMYAN NARGES !!!\"}]},{\"@type\":\"Person\",\"@id\":\"https:\/\/www.bamyan.de\/en\/#\/schema\/person\/03af5a509cb143aac120bd2043e44753\",\"name\":\"root\"}]}<\/script>\n<!-- \/ Yoast SEO plugin. -->","yoast_head_json":{"title":"Sechs Jahre BAMYAN NARGES !!! - Bamyan Narges | Afghanisches Restaurat M\u00fcnchen","robots":{"index":"index","follow":"follow","max-snippet":"max-snippet:-1","max-image-preview":"max-image-preview:large","max-video-preview":"max-video-preview:-1"},"canonical":"https:\/\/www.bamyan.de\/en\/sechs-jahre-bamyan-narges\/","og_locale":"de_DE","og_type":"article","og_title":"Sechs Jahre BAMYAN NARGES !!! - Bamyan Narges | Afghanisches Restaurat M\u00fcnchen","og_description":"Let\u2019s Party !!! 6 Jahre BAMYAN NARGES !!! Wir freuen uns, dass wir f\u00fcr Sie da sein durften und feiern am 08. M\u00e4rz 2018 einen ph\u00e4nomenalen Anla\u00df mit internationalen DJ und afghanischen K\u00f6stlichkeiten. Kommen Sie vorbei und genie\u00dfen Sie einen Abend mit uns\u2026 Reservierungen nehmen wir gerne unter 089-23888878 entgegen ! &nbsp;","og_url":"https:\/\/www.bamyan.de\/en\/sechs-jahre-bamyan-narges\/","og_site_name":"Bamyan Narges | Afghanisches Restaurat M\u00fcnchen","article_publisher":"https:\/\/www.facebook.com\/BamyanNarges\/","article_published_time":"2018-01-31T10:09:01+00:00","og_image":[{"width":840,"height":430,"url":"https:\/\/www.bamyan.de\/en\/wp-content\/uploads\/2018\/01\/6-jahre-bamyan-narges-muenchen.jpg","type":"image\/jpeg"}],"twitter_card":"summary","twitter_creator":"@bamyannarges","twitter_site":"@bamyannarges","twitter_misc":{"Verfasst von":"root"},"schema":{"@context":"https:\/\/schema.org","@graph":[{"@type":"WebSite","@id":"https:\/\/www.bamyan.de\/en\/#website","url":"https:\/\/www.bamyan.de\/en\/","name":"Bamyan Narges | Afghanisches Restaurat M\u00fcnchen","description":"AFGHAN RESTAURANT MUNICH","potentialAction":[{"@type":"SearchAction","target":{"@type":"EntryPoint","urlTemplate":"https:\/\/www.bamyan.de\/en\/?s={search_term_string}"},"query-input":"required name=search_term_string"}],"inLanguage":"de"},{"@type":"ImageObject","@id":"https:\/\/www.bamyan.de\/en\/sechs-jahre-bamyan-narges\/#primaryimage","inLanguage":"de","url":"https:\/\/www.bamyan.de\/en\/wp-content\/uploads\/2018\/01\/6-jahre-bamyan-narges-muenchen.jpg","contentUrl":"https:\/\/www.bamyan.de\/en\/wp-content\/uploads\/2018\/01\/6-jahre-bamyan-narges-muenchen.jpg","width":840,"height":430,"caption":"Sechs Jahre Bamyan Narges M\u00fcnchen"},{"@type":"WebPage","@id":"https:\/\/www.bamyan.de\/en\/sechs-jahre-bamyan-narges\/#webpage","url":"https:\/\/www.bamyan.de\/en\/sechs-jahre-bamyan-narges\/","name":"Sechs Jahre BAMYAN NARGES !!! - Bamyan Narges | Afghanisches Restaurat M\u00fcnchen","isPartOf":{"@id":"https:\/\/www.bamyan.de\/en\/#website"},"primaryImageOfPage":{"@id":"https:\/\/www.bamyan.de\/en\/sechs-jahre-bamyan-narges\/#primaryimage"},"datePublished":"2018-01-31T10:09:01+00:00","dateModified":"2018-01-31T10:09:01+00:00","author":{"@id":"https:\/\/www.bamyan.de\/en\/#\/schema\/person\/03af5a509cb143aac120bd2043e44753"},"breadcrumb":{"@id":"https:\/\/www.bamyan.de\/en\/sechs-jahre-bamyan-narges\/#breadcrumb"},"inLanguage":"de","potentialAction":[{"@type":"ReadAction","target":["https:\/\/www.bamyan.de\/en\/sechs-jahre-bamyan-narges\/"]}]},{"@type":"BreadcrumbList","@id":"https:\/\/www.bamyan.de\/en\/sechs-jahre-bamyan-narges\/#breadcrumb","itemListElement":[{"@type":"ListItem","position":1,"name":"Startseite","item":"https:\/\/www.bamyan.de\/en\/"},{"@type":"ListItem","position":2,"name":"Sechs Jahre BAMYAN NARGES !!!"}]},{"@type":"Person","@id":"https:\/\/www.bamyan.de\/en\/#\/schema\/person\/03af5a509cb143aac120bd2043e44753","name":"root"}]}},"_links":{"self":[{"href":"https:\/\/www.bamyan.de\/en\/wp-json\/wp\/v2\/posts\/851"}],"collection":[{"href":"https:\/\/www.bamyan.de\/en\/wp-json\/wp\/v2\/posts"}],"about":[{"href":"https:\/\/www.bamyan.de\/en\/wp-json\/wp\/v2\/types\/post"}],"author":[{"embeddable":true,"href":"https:\/\/www.bamyan.de\/en\/wp-json\/wp\/v2\/users\/1"}],"replies":[{"embeddable":true,"href":"https:\/\/www.bamyan.de\/en\/wp-json\/wp\/v2\/comments?post=851"}],"version-history":[{"count":1,"href":"https:\/\/www.bamyan.de\/en\/wp-json\/wp\/v2\/posts\/851\/revisions"}],"predecessor-version":[{"id":853,"href":"https:\/\/www.bamyan.de\/en\/wp-json\/wp\/v2\/posts\/851\/revisions\/853"}],"wp:featuredmedia":[{"embeddable":true,"href":"https:\/\/www.bamyan.de\/en\/wp-json\/wp\/v2\/media\/852"}],"wp:attachment":[{"href":"https:\/\/www.bamyan.de\/en\/wp-json\/wp\/v2\/media?parent=851"}],"wp:term":[{"taxonomy":"category","embeddable":true,"href":"https:\/\/www.bamyan.de\/en\/wp-json\/wp\/v2\/categories?post=851"},{"taxonomy":"post_tag","embeddable":true,"href":"https:\/\/www.bamyan.de\/en\/wp-json\/wp\/v2\/tags?post=851"}],"curies":[{"name":"wp","href":"https:\/\/api.w.org\/{rel}","templated":true}]}}