{"id":865,"date":"2018-02-06T09:28:27","date_gmt":"2018-02-06T08:28:27","guid":{"rendered":"https:\/\/www.bamyan.de\/en\/?p=865"},"modified":"2018-02-06T09:29:19","modified_gmt":"2018-02-06T08:29:19","slug":"klenzestrasse-47-in-muenchen","status":"publish","type":"post","link":"https:\/\/www.bamyan.de\/en\/klenzestrasse-47-in-muenchen\/","title":{"rendered":"Klenzestra\u00dfe 47 in M\u00fcnchen"},"content":{"rendered":"<p>Ab Montag, den 12.02.2018 bleibt unser Restaurant in der Klenzestrasse 47 geschlossen !<\/p>\n<p>Wir bauen f\u00fcr Sie um und realisieren ein neues Konzept, auf das Sie schon gespannt sein k\u00f6nnen !!! Nat\u00fcrlich kommunizieren wir den Wiederer\u00f6ffnungs Termin fr\u00fch genug und posten die n\u00e4chsten Tage erste Eindr\u00fccke unserer Pl\u00e4ne.<\/p>\n<p>Reservierungen f\u00fcr die Hans-Sachs-Strasse 3 nehmen nehmen wir gerne unter 089-23888878 entgegen.<\/p>\n<p>&nbsp;<\/p>\n","protected":false},"excerpt":{"rendered":"<p>Ab Montag, den 12.02.2018 bleibt unser Restaurant in der Klenzestrasse 47 geschlossen ! Wir bauen f\u00fcr Sie um und realisieren ein neues Konzept, auf das Sie schon gespannt sein k\u00f6nnen !!! Nat\u00fcrlich kommunizieren wir den Wiederer\u00f6ffnungs Termin fr\u00fch genug und posten die n\u00e4chsten Tage erste Eindr\u00fccke unserer Pl\u00e4ne. Reservierungen f\u00fcr die Hans-Sachs-Strasse 3 nehmen nehmen [&hellip;]<\/p>\n","protected":false},"author":1,"featured_media":868,"comment_status":"closed","ping_status":"open","sticky":false,"template":"","format":"standard","meta":[],"categories":[1],"tags":[],"yoast_head":"<!-- This site is optimized with the Yoast SEO plugin v17.4 - https:\/\/yoast.com\/wordpress\/plugins\/seo\/ -->\n<title>Klenzestra\u00dfe 47 in M\u00fcnchen - Bamyan Narges | Afghanisches Restaurat M\u00fcnchen<\/title>\n<meta name=\"robots\" content=\"index, follow, max-snippet:-1, max-image-preview:large, max-video-preview:-1\" \/>\n<link rel=\"canonical\" href=\"https:\/\/www.bamyan.de\/en\/klenzestrasse-47-in-muenchen\/\" \/>\n<meta property=\"og:locale\" content=\"de_DE\" \/>\n<meta property=\"og:type\" content=\"article\" \/>\n<meta property=\"og:title\" content=\"Klenzestra\u00dfe 47 in M\u00fcnchen - Bamyan Narges | Afghanisches Restaurat M\u00fcnchen\" \/>\n<meta property=\"og:description\" content=\"Ab Montag, den 12.02.2018 bleibt unser Restaurant in der Klenzestrasse 47 geschlossen ! Wir bauen f\u00fcr Sie um und realisieren ein neues Konzept, auf das Sie schon gespannt sein k\u00f6nnen !!! Nat\u00fcrlich kommunizieren wir den Wiederer\u00f6ffnungs Termin fr\u00fch genug und posten die n\u00e4chsten Tage erste Eindr\u00fccke unserer Pl\u00e4ne. Reservierungen f\u00fcr die Hans-Sachs-Strasse 3 nehmen nehmen [&hellip;]\" \/>\n<meta property=\"og:url\" content=\"https:\/\/www.bamyan.de\/en\/klenzestrasse-47-in-muenchen\/\" \/>\n<meta property=\"og:site_name\" content=\"Bamyan Narges | Afghanisches Restaurat M\u00fcnchen\" \/>\n<meta property=\"article:publisher\" content=\"https:\/\/www.facebook.com\/BamyanNarges\/\" \/>\n<meta property=\"article:published_time\" content=\"2018-02-06T08:28:27+00:00\" \/>\n<meta property=\"article:modified_time\" content=\"2018-02-06T08:29:19+00:00\" \/>\n<meta property=\"og:image\" content=\"https:\/\/www.bamyan.de\/en\/wp-content\/uploads\/2018\/02\/klenzestrasse-muenchen.jpg\" \/>\n\t<meta property=\"og:image:width\" content=\"840\" \/>\n\t<meta property=\"og:image:height\" content=\"430\" \/>\n<meta name=\"twitter:card\" content=\"summary\" \/>\n<meta name=\"twitter:creator\" content=\"@bamyannarges\" \/>\n<meta name=\"twitter:site\" content=\"@bamyannarges\" \/>\n<meta name=\"twitter:label1\" content=\"Verfasst von\" \/>\n\t<meta name=\"twitter:data1\" content=\"root\" \/>\n<script type=\"application\/ld+json\" class=\"yoast-schema-graph\">{\"@context\":\"https:\/\/schema.org\",\"@graph\":[{\"@type\":\"WebSite\",\"@id\":\"https:\/\/www.bamyan.de\/en\/#website\",\"url\":\"https:\/\/www.bamyan.de\/en\/\",\"name\":\"Bamyan Narges | Afghanisches Restaurat M\\u00fcnchen\",\"description\":\"AFGHAN RESTAURANT MUNICH\",\"potentialAction\":[{\"@type\":\"SearchAction\",\"target\":{\"@type\":\"EntryPoint\",\"urlTemplate\":\"https:\/\/www.bamyan.de\/en\/?s={search_term_string}\"},\"query-input\":\"required name=search_term_string\"}],\"inLanguage\":\"de\"},{\"@type\":\"ImageObject\",\"@id\":\"https:\/\/www.bamyan.de\/en\/klenzestrasse-47-in-muenchen\/#primaryimage\",\"inLanguage\":\"de\",\"url\":\"https:\/\/www.bamyan.de\/en\/wp-content\/uploads\/2018\/02\/klenzestrasse-muenchen.jpg\",\"contentUrl\":\"https:\/\/www.bamyan.de\/en\/wp-content\/uploads\/2018\/02\/klenzestrasse-muenchen.jpg\",\"width\":840,\"height\":430,\"caption\":\"Klenzestra\\u00dfe47 in M\\u00fcnchen\"},{\"@type\":\"WebPage\",\"@id\":\"https:\/\/www.bamyan.de\/en\/klenzestrasse-47-in-muenchen\/#webpage\",\"url\":\"https:\/\/www.bamyan.de\/en\/klenzestrasse-47-in-muenchen\/\",\"name\":\"Klenzestra\\u00dfe 47 in M\\u00fcnchen - Bamyan Narges | Afghanisches Restaurat M\\u00fcnchen\",\"isPartOf\":{\"@id\":\"https:\/\/www.bamyan.de\/en\/#website\"},\"primaryImageOfPage\":{\"@id\":\"https:\/\/www.bamyan.de\/en\/klenzestrasse-47-in-muenchen\/#primaryimage\"},\"datePublished\":\"2018-02-06T08:28:27+00:00\",\"dateModified\":\"2018-02-06T08:29:19+00:00\",\"author\":{\"@id\":\"https:\/\/www.bamyan.de\/en\/#\/schema\/person\/03af5a509cb143aac120bd2043e44753\"},\"breadcrumb\":{\"@id\":\"https:\/\/www.bamyan.de\/en\/klenzestrasse-47-in-muenchen\/#breadcrumb\"},\"inLanguage\":\"de\",\"potentialAction\":[{\"@type\":\"ReadAction\",\"target\":[\"https:\/\/www.bamyan.de\/en\/klenzestrasse-47-in-muenchen\/\"]}]},{\"@type\":\"BreadcrumbList\",\"@id\":\"https:\/\/www.bamyan.de\/en\/klenzestrasse-47-in-muenchen\/#breadcrumb\",\"itemListElement\":[{\"@type\":\"ListItem\",\"position\":1,\"name\":\"Startseite\",\"item\":\"https:\/\/www.bamyan.de\/en\/\"},{\"@type\":\"ListItem\",\"position\":2,\"name\":\"Klenzestra\\u00dfe 47 in M\\u00fcnchen\"}]},{\"@type\":\"Person\",\"@id\":\"https:\/\/www.bamyan.de\/en\/#\/schema\/person\/03af5a509cb143aac120bd2043e44753\",\"name\":\"root\"}]}<\/script>\n<!-- \/ Yoast SEO plugin. -->","yoast_head_json":{"title":"Klenzestra\u00dfe 47 in M\u00fcnchen - Bamyan Narges | Afghanisches Restaurat M\u00fcnchen","robots":{"index":"index","follow":"follow","max-snippet":"max-snippet:-1","max-image-preview":"max-image-preview:large","max-video-preview":"max-video-preview:-1"},"canonical":"https:\/\/www.bamyan.de\/en\/klenzestrasse-47-in-muenchen\/","og_locale":"de_DE","og_type":"article","og_title":"Klenzestra\u00dfe 47 in M\u00fcnchen - Bamyan Narges | Afghanisches Restaurat M\u00fcnchen","og_description":"Ab Montag, den 12.02.2018 bleibt unser Restaurant in der Klenzestrasse 47 geschlossen ! Wir bauen f\u00fcr Sie um und realisieren ein neues Konzept, auf das Sie schon gespannt sein k\u00f6nnen !!! Nat\u00fcrlich kommunizieren wir den Wiederer\u00f6ffnungs Termin fr\u00fch genug und posten die n\u00e4chsten Tage erste Eindr\u00fccke unserer Pl\u00e4ne. Reservierungen f\u00fcr die Hans-Sachs-Strasse 3 nehmen nehmen [&hellip;]","og_url":"https:\/\/www.bamyan.de\/en\/klenzestrasse-47-in-muenchen\/","og_site_name":"Bamyan Narges | Afghanisches Restaurat M\u00fcnchen","article_publisher":"https:\/\/www.facebook.com\/BamyanNarges\/","article_published_time":"2018-02-06T08:28:27+00:00","article_modified_time":"2018-02-06T08:29:19+00:00","og_image":[{"width":840,"height":430,"url":"https:\/\/www.bamyan.de\/en\/wp-content\/uploads\/2018\/02\/klenzestrasse-muenchen.jpg","type":"image\/jpeg"}],"twitter_card":"summary","twitter_creator":"@bamyannarges","twitter_site":"@bamyannarges","twitter_misc":{"Verfasst von":"root"},"schema":{"@context":"https:\/\/schema.org","@graph":[{"@type":"WebSite","@id":"https:\/\/www.bamyan.de\/en\/#website","url":"https:\/\/www.bamyan.de\/en\/","name":"Bamyan Narges | Afghanisches Restaurat M\u00fcnchen","description":"AFGHAN RESTAURANT MUNICH","potentialAction":[{"@type":"SearchAction","target":{"@type":"EntryPoint","urlTemplate":"https:\/\/www.bamyan.de\/en\/?s={search_term_string}"},"query-input":"required name=search_term_string"}],"inLanguage":"de"},{"@type":"ImageObject","@id":"https:\/\/www.bamyan.de\/en\/klenzestrasse-47-in-muenchen\/#primaryimage","inLanguage":"de","url":"https:\/\/www.bamyan.de\/en\/wp-content\/uploads\/2018\/02\/klenzestrasse-muenchen.jpg","contentUrl":"https:\/\/www.bamyan.de\/en\/wp-content\/uploads\/2018\/02\/klenzestrasse-muenchen.jpg","width":840,"height":430,"caption":"Klenzestra\u00dfe47 in M\u00fcnchen"},{"@type":"WebPage","@id":"https:\/\/www.bamyan.de\/en\/klenzestrasse-47-in-muenchen\/#webpage","url":"https:\/\/www.bamyan.de\/en\/klenzestrasse-47-in-muenchen\/","name":"Klenzestra\u00dfe 47 in M\u00fcnchen - Bamyan Narges | Afghanisches Restaurat M\u00fcnchen","isPartOf":{"@id":"https:\/\/www.bamyan.de\/en\/#website"},"primaryImageOfPage":{"@id":"https:\/\/www.bamyan.de\/en\/klenzestrasse-47-in-muenchen\/#primaryimage"},"datePublished":"2018-02-06T08:28:27+00:00","dateModified":"2018-02-06T08:29:19+00:00","author":{"@id":"https:\/\/www.bamyan.de\/en\/#\/schema\/person\/03af5a509cb143aac120bd2043e44753"},"breadcrumb":{"@id":"https:\/\/www.bamyan.de\/en\/klenzestrasse-47-in-muenchen\/#breadcrumb"},"inLanguage":"de","potentialAction":[{"@type":"ReadAction","target":["https:\/\/www.bamyan.de\/en\/klenzestrasse-47-in-muenchen\/"]}]},{"@type":"BreadcrumbList","@id":"https:\/\/www.bamyan.de\/en\/klenzestrasse-47-in-muenchen\/#breadcrumb","itemListElement":[{"@type":"ListItem","position":1,"name":"Startseite","item":"https:\/\/www.bamyan.de\/en\/"},{"@type":"ListItem","position":2,"name":"Klenzestra\u00dfe 47 in M\u00fcnchen"}]},{"@type":"Person","@id":"https:\/\/www.bamyan.de\/en\/#\/schema\/person\/03af5a509cb143aac120bd2043e44753","name":"root"}]}},"_links":{"self":[{"href":"https:\/\/www.bamyan.de\/en\/wp-json\/wp\/v2\/posts\/865"}],"collection":[{"href":"https:\/\/www.bamyan.de\/en\/wp-json\/wp\/v2\/posts"}],"about":[{"href":"https:\/\/www.bamyan.de\/en\/wp-json\/wp\/v2\/types\/post"}],"author":[{"embeddable":true,"href":"https:\/\/www.bamyan.de\/en\/wp-json\/wp\/v2\/users\/1"}],"replies":[{"embeddable":true,"href":"https:\/\/www.bamyan.de\/en\/wp-json\/wp\/v2\/comments?post=865"}],"version-history":[{"count":1,"href":"https:\/\/www.bamyan.de\/en\/wp-json\/wp\/v2\/posts\/865\/revisions"}],"predecessor-version":[{"id":867,"href":"https:\/\/www.bamyan.de\/en\/wp-json\/wp\/v2\/posts\/865\/revisions\/867"}],"wp:featuredmedia":[{"embeddable":true,"href":"https:\/\/www.bamyan.de\/en\/wp-json\/wp\/v2\/media\/868"}],"wp:attachment":[{"href":"https:\/\/www.bamyan.de\/en\/wp-json\/wp\/v2\/media?parent=865"}],"wp:term":[{"taxonomy":"category","embeddable":true,"href":"https:\/\/www.bamyan.de\/en\/wp-json\/wp\/v2\/categories?post=865"},{"taxonomy":"post_tag","embeddable":true,"href":"https:\/\/www.bamyan.de\/en\/wp-json\/wp\/v2\/tags?post=865"}],"curies":[{"name":"wp","href":"https:\/\/api.w.org\/{rel}","templated":true}]}}