{"id":934,"date":"2018-03-26T09:18:41","date_gmt":"2018-03-26T07:18:41","guid":{"rendered":"https:\/\/www.bamyan.de\/en\/?p=934"},"modified":"2018-03-26T09:18:41","modified_gmt":"2018-03-26T07:18:41","slug":"zum-dritten-mal-in-folge-lokal-des-jahres","status":"publish","type":"post","link":"https:\/\/www.bamyan.de\/en\/zum-dritten-mal-in-folge-lokal-des-jahres\/","title":{"rendered":"Zum dritten Mal in Folge Lokal des Jahres!"},"content":{"rendered":"<p>Bereits nun zum dritten Mal in Folge wurde unser Lokal Bamyan Narges zum Lokal des Jahres gew\u00e4hlt!<\/p>\n<p>Wir freuen uns \u00fcber diese Auszeichnung und bedanken uns recht herzlichst!<\/p>\n<p>Euer Bamyan Narges Team<\/p>\n<p>&nbsp;<\/p>\n","protected":false},"excerpt":{"rendered":"<p>Bereits nun zum dritten Mal in Folge wurde unser Lokal Bamyan Narges zum Lokal des Jahres gew\u00e4hlt! Wir freuen uns \u00fcber diese Auszeichnung und bedanken uns recht herzlichst! Euer Bamyan Narges Team &nbsp;<\/p>\n","protected":false},"author":1,"featured_media":935,"comment_status":"closed","ping_status":"open","sticky":false,"template":"","format":"standard","meta":[],"categories":[1],"tags":[],"yoast_head":"<!-- This site is optimized with the Yoast SEO plugin v17.4 - https:\/\/yoast.com\/wordpress\/plugins\/seo\/ -->\n<title>Zum dritten Mal in Folge Lokal des Jahres! - Bamyan Narges | Afghanisches Restaurat M\u00fcnchen<\/title>\n<meta name=\"robots\" content=\"index, follow, max-snippet:-1, max-image-preview:large, max-video-preview:-1\" \/>\n<link rel=\"canonical\" href=\"https:\/\/www.bamyan.de\/en\/zum-dritten-mal-in-folge-lokal-des-jahres\/\" \/>\n<meta property=\"og:locale\" content=\"de_DE\" \/>\n<meta property=\"og:type\" content=\"article\" \/>\n<meta property=\"og:title\" content=\"Zum dritten Mal in Folge Lokal des Jahres! - Bamyan Narges | Afghanisches Restaurat M\u00fcnchen\" \/>\n<meta property=\"og:description\" content=\"Bereits nun zum dritten Mal in Folge wurde unser Lokal Bamyan Narges zum Lokal des Jahres gew\u00e4hlt! Wir freuen uns \u00fcber diese Auszeichnung und bedanken uns recht herzlichst! Euer Bamyan Narges Team &nbsp;\" \/>\n<meta property=\"og:url\" content=\"https:\/\/www.bamyan.de\/en\/zum-dritten-mal-in-folge-lokal-des-jahres\/\" \/>\n<meta property=\"og:site_name\" content=\"Bamyan Narges | Afghanisches Restaurat M\u00fcnchen\" \/>\n<meta property=\"article:publisher\" content=\"https:\/\/www.facebook.com\/BamyanNarges\/\" \/>\n<meta property=\"article:published_time\" content=\"2018-03-26T07:18:41+00:00\" \/>\n<meta property=\"og:image\" content=\"https:\/\/www.bamyan.de\/en\/wp-content\/uploads\/2018\/03\/lokal-des-jahres-2018.jpg\" \/>\n\t<meta property=\"og:image:width\" content=\"840\" \/>\n\t<meta property=\"og:image:height\" content=\"430\" \/>\n<meta name=\"twitter:card\" content=\"summary\" \/>\n<meta name=\"twitter:creator\" content=\"@bamyannarges\" \/>\n<meta name=\"twitter:site\" content=\"@bamyannarges\" \/>\n<meta name=\"twitter:label1\" content=\"Verfasst von\" \/>\n\t<meta name=\"twitter:data1\" content=\"root\" \/>\n<script type=\"application\/ld+json\" class=\"yoast-schema-graph\">{\"@context\":\"https:\/\/schema.org\",\"@graph\":[{\"@type\":\"WebSite\",\"@id\":\"https:\/\/www.bamyan.de\/en\/#website\",\"url\":\"https:\/\/www.bamyan.de\/en\/\",\"name\":\"Bamyan Narges | Afghanisches Restaurat M\\u00fcnchen\",\"description\":\"AFGHAN RESTAURANT MUNICH\",\"potentialAction\":[{\"@type\":\"SearchAction\",\"target\":{\"@type\":\"EntryPoint\",\"urlTemplate\":\"https:\/\/www.bamyan.de\/en\/?s={search_term_string}\"},\"query-input\":\"required name=search_term_string\"}],\"inLanguage\":\"de\"},{\"@type\":\"ImageObject\",\"@id\":\"https:\/\/www.bamyan.de\/en\/zum-dritten-mal-in-folge-lokal-des-jahres\/#primaryimage\",\"inLanguage\":\"de\",\"url\":\"https:\/\/www.bamyan.de\/en\/wp-content\/uploads\/2018\/03\/lokal-des-jahres-2018.jpg\",\"contentUrl\":\"https:\/\/www.bamyan.de\/en\/wp-content\/uploads\/2018\/03\/lokal-des-jahres-2018.jpg\",\"width\":840,\"height\":430,\"caption\":\"Bereits nun zum dritten Mal in Folge\"},{\"@type\":\"WebPage\",\"@id\":\"https:\/\/www.bamyan.de\/en\/zum-dritten-mal-in-folge-lokal-des-jahres\/#webpage\",\"url\":\"https:\/\/www.bamyan.de\/en\/zum-dritten-mal-in-folge-lokal-des-jahres\/\",\"name\":\"Zum dritten Mal in Folge Lokal des Jahres! - Bamyan Narges | Afghanisches Restaurat M\\u00fcnchen\",\"isPartOf\":{\"@id\":\"https:\/\/www.bamyan.de\/en\/#website\"},\"primaryImageOfPage\":{\"@id\":\"https:\/\/www.bamyan.de\/en\/zum-dritten-mal-in-folge-lokal-des-jahres\/#primaryimage\"},\"datePublished\":\"2018-03-26T07:18:41+00:00\",\"dateModified\":\"2018-03-26T07:18:41+00:00\",\"author\":{\"@id\":\"https:\/\/www.bamyan.de\/en\/#\/schema\/person\/03af5a509cb143aac120bd2043e44753\"},\"breadcrumb\":{\"@id\":\"https:\/\/www.bamyan.de\/en\/zum-dritten-mal-in-folge-lokal-des-jahres\/#breadcrumb\"},\"inLanguage\":\"de\",\"potentialAction\":[{\"@type\":\"ReadAction\",\"target\":[\"https:\/\/www.bamyan.de\/en\/zum-dritten-mal-in-folge-lokal-des-jahres\/\"]}]},{\"@type\":\"BreadcrumbList\",\"@id\":\"https:\/\/www.bamyan.de\/en\/zum-dritten-mal-in-folge-lokal-des-jahres\/#breadcrumb\",\"itemListElement\":[{\"@type\":\"ListItem\",\"position\":1,\"name\":\"Startseite\",\"item\":\"https:\/\/www.bamyan.de\/en\/\"},{\"@type\":\"ListItem\",\"position\":2,\"name\":\"Zum dritten Mal in Folge Lokal des Jahres!\"}]},{\"@type\":\"Person\",\"@id\":\"https:\/\/www.bamyan.de\/en\/#\/schema\/person\/03af5a509cb143aac120bd2043e44753\",\"name\":\"root\"}]}<\/script>\n<!-- \/ Yoast SEO plugin. -->","yoast_head_json":{"title":"Zum dritten Mal in Folge Lokal des Jahres! - Bamyan Narges | Afghanisches Restaurat M\u00fcnchen","robots":{"index":"index","follow":"follow","max-snippet":"max-snippet:-1","max-image-preview":"max-image-preview:large","max-video-preview":"max-video-preview:-1"},"canonical":"https:\/\/www.bamyan.de\/en\/zum-dritten-mal-in-folge-lokal-des-jahres\/","og_locale":"de_DE","og_type":"article","og_title":"Zum dritten Mal in Folge Lokal des Jahres! - Bamyan Narges | Afghanisches Restaurat M\u00fcnchen","og_description":"Bereits nun zum dritten Mal in Folge wurde unser Lokal Bamyan Narges zum Lokal des Jahres gew\u00e4hlt! Wir freuen uns \u00fcber diese Auszeichnung und bedanken uns recht herzlichst! Euer Bamyan Narges Team &nbsp;","og_url":"https:\/\/www.bamyan.de\/en\/zum-dritten-mal-in-folge-lokal-des-jahres\/","og_site_name":"Bamyan Narges | Afghanisches Restaurat M\u00fcnchen","article_publisher":"https:\/\/www.facebook.com\/BamyanNarges\/","article_published_time":"2018-03-26T07:18:41+00:00","og_image":[{"width":840,"height":430,"url":"https:\/\/www.bamyan.de\/en\/wp-content\/uploads\/2018\/03\/lokal-des-jahres-2018.jpg","type":"image\/jpeg"}],"twitter_card":"summary","twitter_creator":"@bamyannarges","twitter_site":"@bamyannarges","twitter_misc":{"Verfasst von":"root"},"schema":{"@context":"https:\/\/schema.org","@graph":[{"@type":"WebSite","@id":"https:\/\/www.bamyan.de\/en\/#website","url":"https:\/\/www.bamyan.de\/en\/","name":"Bamyan Narges | Afghanisches Restaurat M\u00fcnchen","description":"AFGHAN RESTAURANT MUNICH","potentialAction":[{"@type":"SearchAction","target":{"@type":"EntryPoint","urlTemplate":"https:\/\/www.bamyan.de\/en\/?s={search_term_string}"},"query-input":"required name=search_term_string"}],"inLanguage":"de"},{"@type":"ImageObject","@id":"https:\/\/www.bamyan.de\/en\/zum-dritten-mal-in-folge-lokal-des-jahres\/#primaryimage","inLanguage":"de","url":"https:\/\/www.bamyan.de\/en\/wp-content\/uploads\/2018\/03\/lokal-des-jahres-2018.jpg","contentUrl":"https:\/\/www.bamyan.de\/en\/wp-content\/uploads\/2018\/03\/lokal-des-jahres-2018.jpg","width":840,"height":430,"caption":"Bereits nun zum dritten Mal in Folge"},{"@type":"WebPage","@id":"https:\/\/www.bamyan.de\/en\/zum-dritten-mal-in-folge-lokal-des-jahres\/#webpage","url":"https:\/\/www.bamyan.de\/en\/zum-dritten-mal-in-folge-lokal-des-jahres\/","name":"Zum dritten Mal in Folge Lokal des Jahres! - Bamyan Narges | Afghanisches Restaurat M\u00fcnchen","isPartOf":{"@id":"https:\/\/www.bamyan.de\/en\/#website"},"primaryImageOfPage":{"@id":"https:\/\/www.bamyan.de\/en\/zum-dritten-mal-in-folge-lokal-des-jahres\/#primaryimage"},"datePublished":"2018-03-26T07:18:41+00:00","dateModified":"2018-03-26T07:18:41+00:00","author":{"@id":"https:\/\/www.bamyan.de\/en\/#\/schema\/person\/03af5a509cb143aac120bd2043e44753"},"breadcrumb":{"@id":"https:\/\/www.bamyan.de\/en\/zum-dritten-mal-in-folge-lokal-des-jahres\/#breadcrumb"},"inLanguage":"de","potentialAction":[{"@type":"ReadAction","target":["https:\/\/www.bamyan.de\/en\/zum-dritten-mal-in-folge-lokal-des-jahres\/"]}]},{"@type":"BreadcrumbList","@id":"https:\/\/www.bamyan.de\/en\/zum-dritten-mal-in-folge-lokal-des-jahres\/#breadcrumb","itemListElement":[{"@type":"ListItem","position":1,"name":"Startseite","item":"https:\/\/www.bamyan.de\/en\/"},{"@type":"ListItem","position":2,"name":"Zum dritten Mal in Folge Lokal des Jahres!"}]},{"@type":"Person","@id":"https:\/\/www.bamyan.de\/en\/#\/schema\/person\/03af5a509cb143aac120bd2043e44753","name":"root"}]}},"_links":{"self":[{"href":"https:\/\/www.bamyan.de\/en\/wp-json\/wp\/v2\/posts\/934"}],"collection":[{"href":"https:\/\/www.bamyan.de\/en\/wp-json\/wp\/v2\/posts"}],"about":[{"href":"https:\/\/www.bamyan.de\/en\/wp-json\/wp\/v2\/types\/post"}],"author":[{"embeddable":true,"href":"https:\/\/www.bamyan.de\/en\/wp-json\/wp\/v2\/users\/1"}],"replies":[{"embeddable":true,"href":"https:\/\/www.bamyan.de\/en\/wp-json\/wp\/v2\/comments?post=934"}],"version-history":[{"count":1,"href":"https:\/\/www.bamyan.de\/en\/wp-json\/wp\/v2\/posts\/934\/revisions"}],"predecessor-version":[{"id":936,"href":"https:\/\/www.bamyan.de\/en\/wp-json\/wp\/v2\/posts\/934\/revisions\/936"}],"wp:featuredmedia":[{"embeddable":true,"href":"https:\/\/www.bamyan.de\/en\/wp-json\/wp\/v2\/media\/935"}],"wp:attachment":[{"href":"https:\/\/www.bamyan.de\/en\/wp-json\/wp\/v2\/media?parent=934"}],"wp:term":[{"taxonomy":"category","embeddable":true,"href":"https:\/\/www.bamyan.de\/en\/wp-json\/wp\/v2\/categories?post=934"},{"taxonomy":"post_tag","embeddable":true,"href":"https:\/\/www.bamyan.de\/en\/wp-json\/wp\/v2\/tags?post=934"}],"curies":[{"name":"wp","href":"https:\/\/api.w.org\/{rel}","templated":true}]}}